{"id":1737,"date":"2021-05-04T17:11:19","date_gmt":"2021-05-04T15:11:19","guid":{"rendered":"http:\/\/bards.fr\/?p=1737"},"modified":"2021-06-01T15:21:43","modified_gmt":"2021-06-01T13:21:43","slug":"compte-rendu-de-l-ag-du-club-parisien-de-la-chanson-d-auteur-du-3-avril-2021","status":"publish","type":"post","link":"https:\/\/bards.fr\/fr\/2021\/05\/04\/compte-rendu-de-l-ag-du-club-parisien-de-la-chanson-d-auteur-du-3-avril-2021\/","title":{"rendered":"Compte-rendu de l\u2019AG du Club Parisien de la Chanson d\u2019Auteur du 3 avril 2021"},"content":{"rendered":"\n<p>La r\u00e9union annuelle (AG, le bilan 2020) s\u2019est d\u00e9roul\u00e9e dans une belle et chaleureuse atmosph\u00e8re. Environ 20 personnes se sont connect\u00e9es \u00e0 la visioconf\u00e9rence (Paris, Ile-de-France, Toulouse, Strasbourg, Montpellier). Nous \u00e9tions ravis de nous voir et nous entendre les uns les autres!<\/p>\n\n\n\n<p>Nous avons altern\u00e9 entre questions d\u2019organisation et chansons :&nbsp;<strong>Boulat Okoudjava<\/strong>&nbsp;\u00ab&nbsp;Ne te penche pas, petite t\u00eate&nbsp;\u00bb, \u00ab&nbsp;La chanson g\u00e9orgienne&nbsp;\u00bb&nbsp;;&nbsp;<strong>Katya Yarovaya<\/strong>&nbsp;\u00ab&nbsp;Je ferai le m\u00e9nage dans ma ville&nbsp;\u00bb&nbsp;;&nbsp;<strong>Val\u00e9ry Miliaev&nbsp;<\/strong>\u00ab&nbsp;Le tango printanier&nbsp;\u00bb&nbsp;;&nbsp;<strong>Yuly Kim<\/strong>&nbsp;\u00ab&nbsp;Un soir d\u2019\u00e9t\u00e9&nbsp;\u00bb&nbsp;;&nbsp;<strong>Alexandre Gorodnitsky<\/strong>&nbsp;\u00ab&nbsp;Tout cela ne sera pas \u00e0 nous \u00bb&nbsp;;&nbsp;<strong>V\u00e9ra Matv\u00e9eva&nbsp;<\/strong>\u00ab&nbsp;L\u2019hiver (aquarelle)&nbsp;\u00bb&nbsp;;&nbsp;<strong>Val\u00e9ry Bokov<\/strong>&nbsp;\u00ab&nbsp;Partir dans la for\u00eat sans plus attendre&nbsp;\u00bb et la chanson sur les Jeux Olympiques 80 qui ont contourn\u00e9 la belle ville de Tbilissi.&nbsp; On a regard\u00e9 un extrait de la vid\u00e9o de<em><strong>&nbsp;\u00ab&nbsp;La Guitare \u00e0 tour de r\u00f4le&nbsp;\u00bb<\/strong><\/em>&nbsp;du 8 mars 2020 o\u00f9<strong>&nbsp;V\u00e9ronika Tourkina-Stein&nbsp;<\/strong>a lu&nbsp;<em>\u00ab&nbsp;La Chanson sur les num\u00e9ros de t\u00e9l\u00e9phone&nbsp;\u00bb&nbsp;<\/em>d\u2019<strong>Alexandre Galitch<\/strong>.&nbsp; Vous pouvez \u00e9couter toutes ces chansons sur&nbsp;<a href=\"https:\/\/bards.us20.list-manage.com\/track\/click?u=e8bc9cbc6fa41f8b58c90804b&amp;id=b709bd9abb&amp;e=586801fbf7\" target=\"_blank\" rel=\"noreferrer noopener\">notre cha\u00eene Youtube en suivant ce lien<\/a>.&nbsp;<\/p>\n\n\n\n<p>La tr\u00e9sori\u00e8re&nbsp;<strong>Tatiana L\u00e9ger&nbsp;<\/strong>a pr\u00e9sent\u00e9 le rapport financier, la pr\u00e9sidente&nbsp;<strong>Alisa Rakul<\/strong>&nbsp;a pr\u00e9sent\u00e9 le rapport moral (vous pouvez les consulter dans notre pr\u00e9c\u00e9dent emailing).&nbsp;Les deux rapports ont \u00e9t\u00e9 valid\u00e9s par les pr\u00e9sents.<\/p>\n\n\n\n<p>Pour l\u2019ann\u00e9e 2021 ont \u00e9t\u00e9 \u00e9lues : la pr\u00e9sidente&nbsp;<strong>Alisa Rakul<\/strong>, la tr\u00e9sori\u00e8re&nbsp;<strong>Tatiana L\u00e9ger<\/strong>, la secr\u00e9taire&nbsp;<strong>Lilia Colosimo<\/strong>.<\/p>\n\n\n\n<p><strong>Le comit\u00e9 d\u2019organisation sera \u00e9labor\u00e9 pendant le mois d\u2019avril 2021, votre participation est la bienvenue, \u00e9crivez-nous \u00e0&nbsp;<a href=\"mailto:ksp.paris@gmail.com\" target=\"_blank\" rel=\"noreferrer noopener\">ksp.paris@gmail.com<\/a>.<\/strong><\/p>\n\n\n\n<hr class=\"wp-block-separator\"\/>\n\n\n\n<p><strong>I. Les contributions des membres de l\u2019association sont \u00e9tablies \u00e0 15 euros puisque notre activit\u00e9 reste encore orient\u00e9e vers l\u2019espace num\u00e9rique, les salles de concert \u00e9tant encore ferm\u00e9es.<\/strong><\/p>\n\n\n\n<p><strong>Vous pouvez&nbsp;<\/strong><strong>cotiser<\/strong><strong>:<\/strong><\/p>\n\n\n\n<p>1. Par ch\u00e8que \u00e0 l\u2019adresse de la tr\u00e9sori\u00e8re Tatiana L\u00e9ger&nbsp;: &nbsp;Mme Tatiana L\u00e9ger, 16, rue du Chevalier de la Barre, 93190 Livry Gargan. A l\u2019ordre du Club parisien de la chanson d\u2019auteur.<\/p>\n\n\n\n<p>2. Par virement: RIB sur demande par mail (<a href=\"mailto:ksp.paris@gmail.com\" target=\"_blank\" rel=\"noreferrer noopener\">ksp.paris@gmail.com<\/a>)<\/p>\n\n\n\n<p>3. Dans&nbsp;l\u2019avenir, nous \u00e9tudions la possibilit\u00e9 de le faire via HelloAsso<br><strong>Les cotisations donnent le droit au vote et \u00e0 la participation au comit\u00e9 d\u2019organisation. Vous serez avertis les premiers des projets et de l\u2019activit\u00e9 du Club, et b\u00e9n\u00e9ficierez du tarif r\u00e9duit pour les concerts organis\u00e9s par le Club.<br><br>Vos apports (financiers comme intellectuels) sont tr\u00e8s b\u00e9n\u00e9fiques pour l\u2019association.<br>Et nous vous en remercions&nbsp;!<\/strong><\/p>\n\n\n\n<hr class=\"wp-block-separator\"\/>\n\n\n\n<p><strong>II. En 2021, nous programmons :<\/strong><\/p>\n\n\n\n<p>\u2013 La mise \u00e0 jour du site&nbsp;<a href=\"http:\/\/bards.fr\/\" target=\"_blank\" rel=\"noreferrer noopener\">bards.fr<\/a>&nbsp;et la fusion des deux cha\u00eenes Youtube du Club parisien<\/p>\n\n\n\n<p>&#8211; Les publications sur les auteurs-interpr\u00e8tes les mercredis sur la page&nbsp;<a href=\"https:\/\/bards.us20.list-manage.com\/track\/click?u=e8bc9cbc6fa41f8b58c90804b&amp;id=a68b973d60&amp;e=586801fbf7\" target=\"_blank\" rel=\"noreferrer noopener\">Facebook<\/a>&nbsp;et la cha\u00eene&nbsp;<a href=\"https:\/\/bards.us20.list-manage.com\/track\/click?u=e8bc9cbc6fa41f8b58c90804b&amp;id=7b2737ed1f&amp;e=586801fbf7\" target=\"_blank\" rel=\"noreferrer noopener\">Youtube<\/a>&nbsp;du Club (d\u00e9j\u00e0 13 publications depuis janvier 2021)<\/p>\n\n\n\n<p>&#8211; Le mailing via MailChimp (<em>pour info, parfois nos messages tombent injustement dans vos Spams ou vos Promotions<\/em>)<\/p>\n\n\n\n<p>&#8211; Concert de chansons et po\u00e8mes traduits dans diff\u00e9rentes langues<\/p>\n\n\n\n<p>&#8211; Concert des chansons des auteurs-interpr\u00e8tes (publications chaque mercredi \u00e0 20h)<\/p>\n\n\n\n<p>&#8211; Concert de chansons tous genres, tous azimuts<\/p>\n\n\n\n<p>&#8211; Concours de traductions<\/p>\n\n\n\n<p>&#8211; La soir\u00e9e musicale du 9 mai (La Journ\u00e9e de la Victoire et l\u2019anniversaire de Boulat Okoudjava)<\/p>\n\n\n\n<p>\u2013 F\u00eate de la musique du 21 juin 2021<\/p>\n\n\n\n<p><strong>Restons patients pour attendre avec impatience le mois de mai qui nous permettra de nous r\u00e9unir en vrai, chanter en ch\u0153ur et par nos c\u0153urs.<\/strong><\/p>\n\n\n\n<p>&nbsp;En esp\u00e9rant vous revoir le plus vite possible,&nbsp;<\/p>\n\n\n\n<p><strong>&nbsp;Votre Club Parisien de la Chanson d&rsquo;Auteur&nbsp;<\/strong><\/p>\n\n\n\n<figure class=\"wp-block-image size-large\"><img decoding=\"async\" loading=\"lazy\" width=\"1024\" height=\"585\" src=\"https:\/\/bards.fr\/wp-content\/uploads\/16-4-21-1-1024x585.jpg\" alt=\"\" class=\"wp-image-1866\" srcset=\"https:\/\/bards.fr\/wp-content\/uploads\/16-4-21-1-1024x585.jpg 1024w, https:\/\/bards.fr\/wp-content\/uploads\/16-4-21-1-500x286.jpg 500w, https:\/\/bards.fr\/wp-content\/uploads\/16-4-21-1-300x171.jpg 300w, https:\/\/bards.fr\/wp-content\/uploads\/16-4-21-1-768x439.jpg 768w, https:\/\/bards.fr\/wp-content\/uploads\/16-4-21-1-1536x877.jpg 1536w, https:\/\/bards.fr\/wp-content\/uploads\/16-4-21-1.jpg 1600w\" sizes=\"(max-width: 1024px) 100vw, 1024px\" \/><\/figure>\n","protected":false},"excerpt":{"rendered":"<p>La r\u00e9union annuelle (AG, le bilan 2020) s\u2019est d\u00e9roul\u00e9e dans une belle et chaleureuse atmosph\u00e8re. Environ 20 personnes se sont connect\u00e9es \u00e0 la visioconf\u00e9rence (Paris, Ile-de-France, Toulouse, Strasbourg, Montpellier). Nous \u00e9tions ravis de nous voir et nous entendre les uns les autres! Nous avons altern\u00e9 entre questions d\u2019organisation et chansons :&nbsp;Boulat Okoudjava&nbsp;\u00ab&nbsp;Ne te penche pas, [&hellip;]<\/p>\n","protected":false},"author":2,"featured_media":1728,"comment_status":"open","ping_status":"open","sticky":false,"template":"","format":"standard","meta":{"_genesis_hide_title":false,"_genesis_hide_breadcrumbs":false,"_genesis_hide_singular_image":false,"_genesis_hide_footer_widgets":false,"_genesis_custom_body_class":"","_genesis_custom_post_class":"","_genesis_layout":""},"categories":[37,22],"tags":[],"translation":{"provider":"WPGlobus","version":"3.0.1","language":"fr","enabled_languages":["ru","fr"],"languages":{"ru":{"title":true,"content":true,"excerpt":false},"fr":{"title":true,"content":true,"excerpt":false}}},"yoast_head":"<!-- This site is optimized with the Yoast SEO plugin v21.1 - https:\/\/yoast.com\/wordpress\/plugins\/seo\/ -->\n<title>Compte-rendu de l\u2019AG du Club Parisien de la Chanson d\u2019Auteur du 3 avril 2021 - Club Parisien de la chanson d&#039;auteur<\/title>\n<meta name=\"robots\" content=\"index, follow, max-snippet:-1, max-image-preview:large, max-video-preview:-1\" \/>\n<link rel=\"canonical\" href=\"https:\/\/bards.fr\/2021\/05\/04\/compte-rendu-de-l-ag-du-club-parisien-de-la-chanson-d-auteur-du-3-avril-2021\/\" \/>\n<meta property=\"og:locale\" content=\"fr_FR\" \/>\n<meta property=\"og:type\" content=\"article\" \/>\n<meta property=\"og:title\" content=\"Compte-rendu de l\u2019AG du Club Parisien de la Chanson d\u2019Auteur du 3 avril 2021 - Club Parisien de la chanson d&#039;auteur\" \/>\n<meta property=\"og:url\" content=\"https:\/\/bards.fr\/2021\/05\/04\/compte-rendu-de-l-ag-du-club-parisien-de-la-chanson-d-auteur-du-3-avril-2021\/\" \/>\n<meta property=\"og:site_name\" content=\"Club Parisien de la chanson d&#039;auteur\" \/>\n<meta property=\"article:publisher\" content=\"https:\/\/www.facebook.com\/groups\/chanson.russe\" \/>\n<meta property=\"article:published_time\" content=\"2021-05-04T15:11:19+00:00\" \/>\n<meta property=\"article:modified_time\" content=\"2021-06-01T13:21:43+00:00\" \/>\n<meta property=\"og:image\" content=\"https:\/\/bards.fr\/wp-content\/uploads\/16-4-21.jpg\" \/>\n\t<meta property=\"og:image:width\" content=\"1600\" \/>\n\t<meta property=\"og:image:height\" content=\"914\" \/>\n\t<meta property=\"og:image:type\" content=\"image\/jpeg\" \/>\n<meta name=\"author\" content=\"Maya\" \/>\n<meta name=\"twitter:card\" content=\"summary_large_image\" \/>\n<script type=\"application\/ld+json\" class=\"yoast-schema-graph\">{\"@context\":\"https:\/\/schema.org\",\"@graph\":[{\"@type\":\"WebPage\",\"@id\":\"https:\/\/bards.fr\/2021\/05\/04\/compte-rendu-de-l-ag-du-club-parisien-de-la-chanson-d-auteur-du-3-avril-2021\/\",\"url\":\"https:\/\/bards.fr\/2021\/05\/04\/compte-rendu-de-l-ag-du-club-parisien-de-la-chanson-d-auteur-du-3-avril-2021\/\",\"name\":\"Compte-rendu de l\u2019AG du Club Parisien de la Chanson d\u2019Auteur du 3 avril 2021 - Club Parisien de la chanson d&#039;auteur\",\"isPartOf\":{\"@id\":\"https:\/\/bards.fr\/fr\/#website\"},\"datePublished\":\"2021-05-04T15:11:19+00:00\",\"dateModified\":\"2021-06-01T13:21:43+00:00\",\"author\":{\"@id\":\"https:\/\/bards.fr\/fr\/#\/schema\/person\/6a4a052db7a10b3ae744a77883451bf6\"},\"breadcrumb\":{\"@id\":\"https:\/\/bards.fr\/2021\/05\/04\/compte-rendu-de-l-ag-du-club-parisien-de-la-chanson-d-auteur-du-3-avril-2021\/#breadcrumb\"},\"inLanguage\":\"fr-FR\",\"potentialAction\":[{\"@type\":\"ReadAction\",\"target\":[\"https:\/\/bards.fr\/2021\/05\/04\/compte-rendu-de-l-ag-du-club-parisien-de-la-chanson-d-auteur-du-3-avril-2021\/\"]}]},{\"@type\":\"BreadcrumbList\",\"@id\":\"https:\/\/bards.fr\/2021\/05\/04\/compte-rendu-de-l-ag-du-club-parisien-de-la-chanson-d-auteur-du-3-avril-2021\/#breadcrumb\",\"itemListElement\":[{\"@type\":\"ListItem\",\"position\":1,\"name\":\"Home\",\"item\":\"https:\/\/bards.fr\/\"},{\"@type\":\"ListItem\",\"position\":2,\"name\":\"\u0418\u0442\u043e\u0433\u0438 \u0441\u043e\u0431\u0440\u0430\u043d\u0438\u044f \u041f\u041a\u0410\u041f 3-\u0433\u043e \u0430\u043f\u0440\u0435\u043b\u044f 2021\"}]},{\"@type\":\"WebSite\",\"@id\":\"https:\/\/bards.fr\/fr\/#website\",\"url\":\"https:\/\/bards.fr\/fr\/\",\"name\":\"Club Parisien de la chanson d&#039;auteur\",\"description\":\"\u041a\u0421\u041f \u0432 \u041f\u0430\u0440\u0438\u0436\u0435\",\"potentialAction\":[{\"@type\":\"SearchAction\",\"target\":{\"@type\":\"EntryPoint\",\"urlTemplate\":\"https:\/\/bards.fr\/fr\/?s={search_term_string}\"},\"query-input\":\"required name=search_term_string\"}],\"inLanguage\":\"fr-FR\"},{\"@type\":\"Person\",\"@id\":\"https:\/\/bards.fr\/fr\/#\/schema\/person\/6a4a052db7a10b3ae744a77883451bf6\",\"name\":\"Maya\",\"image\":{\"@type\":\"ImageObject\",\"inLanguage\":\"fr-FR\",\"@id\":\"https:\/\/bards.fr\/fr\/#\/schema\/person\/image\/\",\"url\":\"https:\/\/secure.gravatar.com\/avatar\/5234dea01af3097e555debb444406690?s=96&d=mm&r=g\",\"contentUrl\":\"https:\/\/secure.gravatar.com\/avatar\/5234dea01af3097e555debb444406690?s=96&d=mm&r=g\",\"caption\":\"Maya\"},\"url\":\"https:\/\/bards.fr\/fr\/author\/maya\/\"}]}<\/script>\n<!-- \/ Yoast SEO plugin. -->","yoast_head_json":{"title":"Compte-rendu de l\u2019AG du Club Parisien de la Chanson d\u2019Auteur du 3 avril 2021 - Club Parisien de la chanson d&#039;auteur","robots":{"index":"index","follow":"follow","max-snippet":"max-snippet:-1","max-image-preview":"max-image-preview:large","max-video-preview":"max-video-preview:-1"},"canonical":"https:\/\/bards.fr\/2021\/05\/04\/compte-rendu-de-l-ag-du-club-parisien-de-la-chanson-d-auteur-du-3-avril-2021\/","og_locale":"fr_FR","og_type":"article","og_title":"Compte-rendu de l\u2019AG du Club Parisien de la Chanson d\u2019Auteur du 3 avril 2021 - Club Parisien de la chanson d&#039;auteur","og_url":"https:\/\/bards.fr\/2021\/05\/04\/compte-rendu-de-l-ag-du-club-parisien-de-la-chanson-d-auteur-du-3-avril-2021\/","og_site_name":"Club Parisien de la chanson d&#039;auteur","article_publisher":"https:\/\/www.facebook.com\/groups\/chanson.russe","article_published_time":"2021-05-04T15:11:19+00:00","article_modified_time":"2021-06-01T13:21:43+00:00","og_image":[{"width":1600,"height":914,"url":"https:\/\/bards.fr\/wp-content\/uploads\/16-4-21.jpg","type":"image\/jpeg"}],"author":"Maya","twitter_card":"summary_large_image","schema":{"@context":"https:\/\/schema.org","@graph":[{"@type":"WebPage","@id":"https:\/\/bards.fr\/2021\/05\/04\/compte-rendu-de-l-ag-du-club-parisien-de-la-chanson-d-auteur-du-3-avril-2021\/","url":"https:\/\/bards.fr\/2021\/05\/04\/compte-rendu-de-l-ag-du-club-parisien-de-la-chanson-d-auteur-du-3-avril-2021\/","name":"Compte-rendu de l\u2019AG du Club Parisien de la Chanson d\u2019Auteur du 3 avril 2021 - Club Parisien de la chanson d&#039;auteur","isPartOf":{"@id":"https:\/\/bards.fr\/fr\/#website"},"datePublished":"2021-05-04T15:11:19+00:00","dateModified":"2021-06-01T13:21:43+00:00","author":{"@id":"https:\/\/bards.fr\/fr\/#\/schema\/person\/6a4a052db7a10b3ae744a77883451bf6"},"breadcrumb":{"@id":"https:\/\/bards.fr\/2021\/05\/04\/compte-rendu-de-l-ag-du-club-parisien-de-la-chanson-d-auteur-du-3-avril-2021\/#breadcrumb"},"inLanguage":"fr-FR","potentialAction":[{"@type":"ReadAction","target":["https:\/\/bards.fr\/2021\/05\/04\/compte-rendu-de-l-ag-du-club-parisien-de-la-chanson-d-auteur-du-3-avril-2021\/"]}]},{"@type":"BreadcrumbList","@id":"https:\/\/bards.fr\/2021\/05\/04\/compte-rendu-de-l-ag-du-club-parisien-de-la-chanson-d-auteur-du-3-avril-2021\/#breadcrumb","itemListElement":[{"@type":"ListItem","position":1,"name":"Home","item":"https:\/\/bards.fr\/"},{"@type":"ListItem","position":2,"name":"\u0418\u0442\u043e\u0433\u0438 \u0441\u043e\u0431\u0440\u0430\u043d\u0438\u044f \u041f\u041a\u0410\u041f 3-\u0433\u043e \u0430\u043f\u0440\u0435\u043b\u044f 2021"}]},{"@type":"WebSite","@id":"https:\/\/bards.fr\/fr\/#website","url":"https:\/\/bards.fr\/fr\/","name":"Club Parisien de la chanson d&#039;auteur","description":"\u041a\u0421\u041f \u0432 \u041f\u0430\u0440\u0438\u0436\u0435","potentialAction":[{"@type":"SearchAction","target":{"@type":"EntryPoint","urlTemplate":"https:\/\/bards.fr\/fr\/?s={search_term_string}"},"query-input":"required name=search_term_string"}],"inLanguage":"fr-FR"},{"@type":"Person","@id":"https:\/\/bards.fr\/fr\/#\/schema\/person\/6a4a052db7a10b3ae744a77883451bf6","name":"Maya","image":{"@type":"ImageObject","inLanguage":"fr-FR","@id":"https:\/\/bards.fr\/fr\/#\/schema\/person\/image\/","url":"https:\/\/secure.gravatar.com\/avatar\/5234dea01af3097e555debb444406690?s=96&d=mm&r=g","contentUrl":"https:\/\/secure.gravatar.com\/avatar\/5234dea01af3097e555debb444406690?s=96&d=mm&r=g","caption":"Maya"},"url":"https:\/\/bards.fr\/fr\/author\/maya\/"}]}},"featured_image_src":"https:\/\/bards.fr\/wp-content\/uploads\/16-4-21.jpg","featured_image_src_square":"https:\/\/bards.fr\/wp-content\/uploads\/16-4-21.jpg","author_info":{"display_name":"Maya","author_link":"https:\/\/bards.fr\/fr\/author\/maya\/"},"_links":{"self":[{"href":"https:\/\/bards.fr\/fr\/wp-json\/wp\/v2\/posts\/1737"}],"collection":[{"href":"https:\/\/bards.fr\/fr\/wp-json\/wp\/v2\/posts"}],"about":[{"href":"https:\/\/bards.fr\/fr\/wp-json\/wp\/v2\/types\/post"}],"author":[{"embeddable":true,"href":"https:\/\/bards.fr\/fr\/wp-json\/wp\/v2\/users\/2"}],"replies":[{"embeddable":true,"href":"https:\/\/bards.fr\/fr\/wp-json\/wp\/v2\/comments?post=1737"}],"version-history":[{"count":3,"href":"https:\/\/bards.fr\/fr\/wp-json\/wp\/v2\/posts\/1737\/revisions"}],"predecessor-version":[{"id":1869,"href":"https:\/\/bards.fr\/fr\/wp-json\/wp\/v2\/posts\/1737\/revisions\/1869"}],"wp:featuredmedia":[{"embeddable":true,"href":"https:\/\/bards.fr\/fr\/wp-json\/wp\/v2\/media\/1728"}],"wp:attachment":[{"href":"https:\/\/bards.fr\/fr\/wp-json\/wp\/v2\/media?parent=1737"}],"wp:term":[{"taxonomy":"category","embeddable":true,"href":"https:\/\/bards.fr\/fr\/wp-json\/wp\/v2\/categories?post=1737"},{"taxonomy":"post_tag","embeddable":true,"href":"https:\/\/bards.fr\/fr\/wp-json\/wp\/v2\/tags?post=1737"}],"curies":[{"name":"wp","href":"https:\/\/api.w.org\/{rel}","templated":true}]}}