{"id":1963,"date":"2021-06-01T15:20:39","date_gmt":"2021-06-01T13:20:39","guid":{"rendered":"https:\/\/bards.fr\/?p=1963"},"modified":"2021-06-01T15:30:15","modified_gmt":"2021-06-01T13:30:15","slug":"la-mardi-parisienne-des-auteurs-compositeurs-les-resultat-de-mois-de-mai","status":"publish","type":"post","link":"https:\/\/bards.fr\/fr\/2021\/06\/01\/la-mardi-parisienne-des-auteurs-compositeurs-les-resultat-de-mois-de-mai\/","title":{"rendered":"\u00ab\u00a0La mardi parisienne des auteurs-compositeurs\u00a0\u00bb &#8211; les r\u00e9sultat de mois de mai"},"content":{"rendered":"\n<p>L&rsquo;\u00e9quipe du Club Parisien de la Chanson d&rsquo;Auteur est heureuse de partager avec vous les nouveaux artistes pr\u00e9sent\u00e9s en mai dans notre\u00a0<strong>rubrique d\u00e9di\u00e9e \u00e0 la chanson d&rsquo;auteur.<\/strong>\u00a0Nous vous rappelons que chaque mercredi, nous nous int\u00e9ressons \u00e0 un artiste li\u00e9 \u00e0 ce genre musical. En mars nous avons ainsi pu vous\u00a0pr\u00e9senter\u00a0<em>Victor Louferov, Tatiana Drygina, Vladimir Vyssotsky et Vera Matveeva.<\/em>\u00a0Vous pouvez retrouver les publications li\u00e9es \u00e0 ces artistes sur\u00a0<a href=\"https:\/\/bards.us20.list-manage.com\/track\/click?u=e8bc9cbc6fa41f8b58c90804b&amp;id=edc4155e51&amp;e=586801fbf7\" target=\"_blank\" rel=\"noreferrer noopener\">notre groupe Facebook<\/a>\u00a0ou bien regarder les vid\u00e9os de leurs chansons sur\u00a0<a href=\"https:\/\/bards.us20.list-manage.com\/track\/click?u=e8bc9cbc6fa41f8b58c90804b&amp;id=3cbcb21264&amp;e=586801fbf7\" target=\"_blank\" rel=\"noreferrer noopener\">notre cha\u00eene YouTube<\/a>.\u00a0<\/p>\n","protected":false},"excerpt":{"rendered":"<p>L&rsquo;\u00e9quipe du Club Parisien de la Chanson d&rsquo;Auteur est heureuse de partager avec vous les nouveaux artistes pr\u00e9sent\u00e9s en mai dans notre\u00a0rubrique d\u00e9di\u00e9e \u00e0 la chanson d&rsquo;auteur.\u00a0Nous vous rappelons que chaque mercredi, nous nous int\u00e9ressons \u00e0 un artiste li\u00e9 \u00e0 ce genre musical. En mars nous avons ainsi pu vous\u00a0pr\u00e9senter\u00a0Victor Louferov, Tatiana Drygina, Vladimir Vyssotsky [&hellip;]<\/p>\n","protected":false},"author":2,"featured_media":1964,"comment_status":"open","ping_status":"open","sticky":false,"template":"","format":"standard","meta":{"_genesis_hide_title":false,"_genesis_hide_breadcrumbs":false,"_genesis_hide_singular_image":false,"_genesis_hide_footer_widgets":false,"_genesis_custom_body_class":"","_genesis_custom_post_class":"","_genesis_layout":""},"categories":[45,37],"tags":[],"translation":{"provider":"WPGlobus","version":"3.0.1","language":"fr","enabled_languages":["ru","fr"],"languages":{"ru":{"title":true,"content":true,"excerpt":false},"fr":{"title":true,"content":true,"excerpt":false}}},"yoast_head":"<!-- This site is optimized with the Yoast SEO plugin v21.1 - https:\/\/yoast.com\/wordpress\/plugins\/seo\/ -->\n<title>&quot;La mardi parisienne des auteurs-compositeurs&quot; - les r\u00e9sultat de mois de mai  - Club Parisien de la chanson d&#039;auteur<\/title>\n<meta name=\"robots\" content=\"index, follow, max-snippet:-1, max-image-preview:large, max-video-preview:-1\" \/>\n<link rel=\"canonical\" href=\"https:\/\/bards.fr\/2021\/06\/01\/la-mardi-parisienne-des-auteurs-compositeurs-les-resultat-de-mois-de-mai\/\" \/>\n<meta property=\"og:locale\" content=\"fr_FR\" \/>\n<meta property=\"og:type\" content=\"article\" \/>\n<meta property=\"og:title\" content=\"&quot;La mardi parisienne des auteurs-compositeurs&quot; - les r\u00e9sultat de mois de mai  - Club Parisien de la chanson d&#039;auteur\" \/>\n<meta property=\"og:url\" content=\"https:\/\/bards.fr\/2021\/06\/01\/la-mardi-parisienne-des-auteurs-compositeurs-les-resultat-de-mois-de-mai\/\" \/>\n<meta property=\"og:site_name\" content=\"Club Parisien de la chanson d&#039;auteur\" \/>\n<meta property=\"article:publisher\" content=\"https:\/\/www.facebook.com\/groups\/chanson.russe\" \/>\n<meta property=\"article:published_time\" content=\"2021-06-01T13:20:39+00:00\" \/>\n<meta property=\"article:modified_time\" content=\"2021-06-01T13:30:15+00:00\" \/>\n<meta property=\"og:image\" content=\"https:\/\/bards.fr\/wp-content\/uploads\/bard-4.jpg\" \/>\n\t<meta property=\"og:image:width\" content=\"290\" \/>\n\t<meta property=\"og:image:height\" content=\"174\" \/>\n\t<meta property=\"og:image:type\" content=\"image\/jpeg\" \/>\n<meta name=\"author\" content=\"Maya\" \/>\n<meta name=\"twitter:card\" content=\"summary_large_image\" \/>\n<script type=\"application\/ld+json\" class=\"yoast-schema-graph\">{\"@context\":\"https:\/\/schema.org\",\"@graph\":[{\"@type\":\"WebPage\",\"@id\":\"https:\/\/bards.fr\/2021\/06\/01\/la-mardi-parisienne-des-auteurs-compositeurs-les-resultat-de-mois-de-mai\/\",\"url\":\"https:\/\/bards.fr\/2021\/06\/01\/la-mardi-parisienne-des-auteurs-compositeurs-les-resultat-de-mois-de-mai\/\",\"name\":\"\\\"La mardi parisienne des auteurs-compositeurs\\\" - les r\u00e9sultat de mois de mai - Club Parisien de la chanson d&#039;auteur\",\"isPartOf\":{\"@id\":\"https:\/\/bards.fr\/fr\/#website\"},\"datePublished\":\"2021-06-01T13:20:39+00:00\",\"dateModified\":\"2021-06-01T13:30:15+00:00\",\"author\":{\"@id\":\"https:\/\/bards.fr\/fr\/#\/schema\/person\/6a4a052db7a10b3ae744a77883451bf6\"},\"breadcrumb\":{\"@id\":\"https:\/\/bards.fr\/2021\/06\/01\/la-mardi-parisienne-des-auteurs-compositeurs-les-resultat-de-mois-de-mai\/#breadcrumb\"},\"inLanguage\":\"fr-FR\",\"potentialAction\":[{\"@type\":\"ReadAction\",\"target\":[\"https:\/\/bards.fr\/2021\/06\/01\/la-mardi-parisienne-des-auteurs-compositeurs-les-resultat-de-mois-de-mai\/\"]}]},{\"@type\":\"BreadcrumbList\",\"@id\":\"https:\/\/bards.fr\/2021\/06\/01\/la-mardi-parisienne-des-auteurs-compositeurs-les-resultat-de-mois-de-mai\/#breadcrumb\",\"itemListElement\":[{\"@type\":\"ListItem\",\"position\":1,\"name\":\"Home\",\"item\":\"https:\/\/bards.fr\/\"},{\"@type\":\"ListItem\",\"position\":2,\"name\":\"&#171;\u041f\u0430\u0440\u0438\u0436\u0441\u043a\u0430\u044f \u0431\u0430\u0440\u0434\u043e\u0432\u0441\u043a\u0430\u044f \u0441\u0440\u0435\u0434\u0430&#187; &#8212; \u0438\u0442\u043e\u0433\u0438 \u043c\u0430\u044f ?\"}]},{\"@type\":\"WebSite\",\"@id\":\"https:\/\/bards.fr\/fr\/#website\",\"url\":\"https:\/\/bards.fr\/fr\/\",\"name\":\"Club Parisien de la chanson d&#039;auteur\",\"description\":\"\u041a\u0421\u041f \u0432 \u041f\u0430\u0440\u0438\u0436\u0435\",\"potentialAction\":[{\"@type\":\"SearchAction\",\"target\":{\"@type\":\"EntryPoint\",\"urlTemplate\":\"https:\/\/bards.fr\/fr\/?s={search_term_string}\"},\"query-input\":\"required name=search_term_string\"}],\"inLanguage\":\"fr-FR\"},{\"@type\":\"Person\",\"@id\":\"https:\/\/bards.fr\/fr\/#\/schema\/person\/6a4a052db7a10b3ae744a77883451bf6\",\"name\":\"Maya\",\"image\":{\"@type\":\"ImageObject\",\"inLanguage\":\"fr-FR\",\"@id\":\"https:\/\/bards.fr\/fr\/#\/schema\/person\/image\/\",\"url\":\"https:\/\/secure.gravatar.com\/avatar\/5234dea01af3097e555debb444406690?s=96&d=mm&r=g\",\"contentUrl\":\"https:\/\/secure.gravatar.com\/avatar\/5234dea01af3097e555debb444406690?s=96&d=mm&r=g\",\"caption\":\"Maya\"},\"url\":\"https:\/\/bards.fr\/fr\/author\/maya\/\"}]}<\/script>\n<!-- \/ Yoast SEO plugin. -->","yoast_head_json":{"title":"\"La mardi parisienne des auteurs-compositeurs\" - les r\u00e9sultat de mois de mai  - Club Parisien de la chanson d&#039;auteur","robots":{"index":"index","follow":"follow","max-snippet":"max-snippet:-1","max-image-preview":"max-image-preview:large","max-video-preview":"max-video-preview:-1"},"canonical":"https:\/\/bards.fr\/2021\/06\/01\/la-mardi-parisienne-des-auteurs-compositeurs-les-resultat-de-mois-de-mai\/","og_locale":"fr_FR","og_type":"article","og_title":"\"La mardi parisienne des auteurs-compositeurs\" - les r\u00e9sultat de mois de mai  - Club Parisien de la chanson d&#039;auteur","og_url":"https:\/\/bards.fr\/2021\/06\/01\/la-mardi-parisienne-des-auteurs-compositeurs-les-resultat-de-mois-de-mai\/","og_site_name":"Club Parisien de la chanson d&#039;auteur","article_publisher":"https:\/\/www.facebook.com\/groups\/chanson.russe","article_published_time":"2021-06-01T13:20:39+00:00","article_modified_time":"2021-06-01T13:30:15+00:00","og_image":[{"width":290,"height":174,"url":"https:\/\/bards.fr\/wp-content\/uploads\/bard-4.jpg","type":"image\/jpeg"}],"author":"Maya","twitter_card":"summary_large_image","schema":{"@context":"https:\/\/schema.org","@graph":[{"@type":"WebPage","@id":"https:\/\/bards.fr\/2021\/06\/01\/la-mardi-parisienne-des-auteurs-compositeurs-les-resultat-de-mois-de-mai\/","url":"https:\/\/bards.fr\/2021\/06\/01\/la-mardi-parisienne-des-auteurs-compositeurs-les-resultat-de-mois-de-mai\/","name":"\"La mardi parisienne des auteurs-compositeurs\" - les r\u00e9sultat de mois de mai - Club Parisien de la chanson d&#039;auteur","isPartOf":{"@id":"https:\/\/bards.fr\/fr\/#website"},"datePublished":"2021-06-01T13:20:39+00:00","dateModified":"2021-06-01T13:30:15+00:00","author":{"@id":"https:\/\/bards.fr\/fr\/#\/schema\/person\/6a4a052db7a10b3ae744a77883451bf6"},"breadcrumb":{"@id":"https:\/\/bards.fr\/2021\/06\/01\/la-mardi-parisienne-des-auteurs-compositeurs-les-resultat-de-mois-de-mai\/#breadcrumb"},"inLanguage":"fr-FR","potentialAction":[{"@type":"ReadAction","target":["https:\/\/bards.fr\/2021\/06\/01\/la-mardi-parisienne-des-auteurs-compositeurs-les-resultat-de-mois-de-mai\/"]}]},{"@type":"BreadcrumbList","@id":"https:\/\/bards.fr\/2021\/06\/01\/la-mardi-parisienne-des-auteurs-compositeurs-les-resultat-de-mois-de-mai\/#breadcrumb","itemListElement":[{"@type":"ListItem","position":1,"name":"Home","item":"https:\/\/bards.fr\/"},{"@type":"ListItem","position":2,"name":"&#171;\u041f\u0430\u0440\u0438\u0436\u0441\u043a\u0430\u044f \u0431\u0430\u0440\u0434\u043e\u0432\u0441\u043a\u0430\u044f \u0441\u0440\u0435\u0434\u0430&#187; &#8212; \u0438\u0442\u043e\u0433\u0438 \u043c\u0430\u044f ?"}]},{"@type":"WebSite","@id":"https:\/\/bards.fr\/fr\/#website","url":"https:\/\/bards.fr\/fr\/","name":"Club Parisien de la chanson d&#039;auteur","description":"\u041a\u0421\u041f \u0432 \u041f\u0430\u0440\u0438\u0436\u0435","potentialAction":[{"@type":"SearchAction","target":{"@type":"EntryPoint","urlTemplate":"https:\/\/bards.fr\/fr\/?s={search_term_string}"},"query-input":"required name=search_term_string"}],"inLanguage":"fr-FR"},{"@type":"Person","@id":"https:\/\/bards.fr\/fr\/#\/schema\/person\/6a4a052db7a10b3ae744a77883451bf6","name":"Maya","image":{"@type":"ImageObject","inLanguage":"fr-FR","@id":"https:\/\/bards.fr\/fr\/#\/schema\/person\/image\/","url":"https:\/\/secure.gravatar.com\/avatar\/5234dea01af3097e555debb444406690?s=96&d=mm&r=g","contentUrl":"https:\/\/secure.gravatar.com\/avatar\/5234dea01af3097e555debb444406690?s=96&d=mm&r=g","caption":"Maya"},"url":"https:\/\/bards.fr\/fr\/author\/maya\/"}]}},"featured_image_src":"https:\/\/bards.fr\/wp-content\/uploads\/bard-4.jpg","featured_image_src_square":"https:\/\/bards.fr\/wp-content\/uploads\/bard-4.jpg","author_info":{"display_name":"Maya","author_link":"https:\/\/bards.fr\/fr\/author\/maya\/"},"_links":{"self":[{"href":"https:\/\/bards.fr\/fr\/wp-json\/wp\/v2\/posts\/1963"}],"collection":[{"href":"https:\/\/bards.fr\/fr\/wp-json\/wp\/v2\/posts"}],"about":[{"href":"https:\/\/bards.fr\/fr\/wp-json\/wp\/v2\/types\/post"}],"author":[{"embeddable":true,"href":"https:\/\/bards.fr\/fr\/wp-json\/wp\/v2\/users\/2"}],"replies":[{"embeddable":true,"href":"https:\/\/bards.fr\/fr\/wp-json\/wp\/v2\/comments?post=1963"}],"version-history":[{"count":2,"href":"https:\/\/bards.fr\/fr\/wp-json\/wp\/v2\/posts\/1963\/revisions"}],"predecessor-version":[{"id":1966,"href":"https:\/\/bards.fr\/fr\/wp-json\/wp\/v2\/posts\/1963\/revisions\/1966"}],"wp:featuredmedia":[{"embeddable":true,"href":"https:\/\/bards.fr\/fr\/wp-json\/wp\/v2\/media\/1964"}],"wp:attachment":[{"href":"https:\/\/bards.fr\/fr\/wp-json\/wp\/v2\/media?parent=1963"}],"wp:term":[{"taxonomy":"category","embeddable":true,"href":"https:\/\/bards.fr\/fr\/wp-json\/wp\/v2\/categories?post=1963"},{"taxonomy":"post_tag","embeddable":true,"href":"https:\/\/bards.fr\/fr\/wp-json\/wp\/v2\/tags?post=1963"}],"curies":[{"name":"wp","href":"https:\/\/api.w.org\/{rel}","templated":true}]}}